{"id":4231,"date":"2015-02-27T15:36:08","date_gmt":"2015-02-27T15:36:08","guid":{"rendered":"https:\/\/stuebi-hamburg.de\/stadtteilschule\/?p=4231"},"modified":"2016-03-28T00:29:05","modified_gmt":"2016-03-27T22:29:05","slug":"besuch-der-kz-gedenkstaette-neuengamme","status":"publish","type":"post","link":"https:\/\/stuebi-hamburg.de\/stadtteilschule\/2015\/02\/27\/besuch-der-kz-gedenkstaette-neuengamme\/","title":{"rendered":"Besuch der KZ-Gedenkst\u00e4tte Neuengamme"},"content":{"rendered":"<blockquote><p>Es war ein tr\u00fcber, kalter Morgen als wir vor dem Tor des ehemaligen Konzentrationslagers Neuengamme ankamen. Passend zu unserem Unterrichtsthema \u201eDie Zeit des Nationalsozialismus\u201c hatte Herr Bredendiek f\u00fcr die Klassen 9b und 9d den Besuch der Gedenkst\u00e4tte organisiert. (von Tugce und H\u00fcda aus der 9d)<\/p><\/blockquote>\n<p><img loading=\"lazy\" class=\"post-img alignleft wp-image-72 size-full\" src=\"https:\/\/stuebi-hamburg.de\/wp-content\/uploads\/2015\/02\/neuengamme02a.jpg\" alt=\"\" width=\"820\" height=\"310\" \/><\/p>\n<p>Als erstes stellten wir fest, dass das Gel\u00e4nde viel gr\u00f6\u00dfer war als wir gedacht hatten. Fast ohne B\u00e4ume und Str\u00e4ucher wirkte es jedoch \u00f6de und uninteressant. Doch dieser Eindruck war falsch. Von zwei erfahrenen P\u00e4dagogen der Gedenkst\u00e4tte wurden wir \u00fcber das Gel\u00e4nde und durch die Ausstellungen gef\u00fchrt. Sie erkl\u00e4rten uns, an was f\u00fcr einem Ort wir waren und trugen die Geschichte des Lagers vor. Unser F\u00fchrer, Herr Lehmann, erz\u00e4hlte dabei immer wieder auch von seinem Gro\u00dfvater, der von 1944 bis 1945 selbst in Neuengamme inhaftiert war. Schon deshalb h\u00f6rten wir sehr aufmerksam zu. Wir erfuhren, woher die H\u00e4ftlinge kamen und welch schreckliches Schicksal ihnen in Neuengamme und seinen Au\u00dfenlagern bevorstand.<\/p>\n<a href=\"https:\/\/stuebi-hamburg.de\/wp-content\/uploads\/2015\/02\/neuengamme01.jpg\" rel=\"lightbox[4231]\"><img loading=\"lazy\" class=\"size-full wp-image-74\" src=\"https:\/\/stuebi-hamburg.de\/wp-content\/uploads\/2015\/02\/neuengamme01.jpg\" alt=\"Schild vor dem Haupteingang\" width=\"0\" height=\"0\" \/><\/a>\n<p>&nbsp;<\/p>\n<div id=\"attachment_75\" style=\"width: 110px\" class=\"wp-caption alignleft\"><a href=\"https:\/\/stuebi-hamburg.de\/wp-content\/uploads\/2015\/02\/neuengamme02.jpg\" rel=\"lightbox[4231]\"><img aria-describedby=\"caption-attachment-75\" loading=\"lazy\" class=\"size-full wp-image-75\" src=\"https:\/\/stuebi-hamburg.de\/wp-content\/uploads\/2015\/02\/neuengamme02.jpg\" alt=\"Lagereingang mit Museumsshop und Warteraum (fr\u00fcher standen hier zwei B\u00fcrobaracken)\" width=\"100\" height=\"100\" \/><\/a><p id=\"caption-attachment-75\" class=\"wp-caption-text\">Lagereingang mit Museumsshop und Warteraum (fr\u00fcher standen hier zwei B\u00fcrobaracken)<\/p><\/div>\n<p><a href=\"https:\/\/stuebi-hamburg.de\/wp-content\/uploads\/2015\/02\/neuengamme03.jpg\" rel=\"lightbox[4231]\"><img loading=\"lazy\" class=\"size-full wp-image-76\" src=\"https:\/\/stuebi-hamburg.de\/wp-content\/uploads\/2015\/02\/neuengamme03.jpg\" alt=\" \" width=\"0\" height=\"0\" \/><\/a><br \/>\n<a href=\"https:\/\/stuebi-hamburg.de\/wp-content\/uploads\/2015\/02\/neuengamme04.jpg\" rel=\"lightbox[4231]\"><img loading=\"lazy\" class=\"size-full wp-image-77\" src=\"https:\/\/stuebi-hamburg.de\/wp-content\/uploads\/2015\/02\/neuengamme04.jpg\" alt=\" \" width=\"0\" height=\"0\" \/><\/a><\/p>\n<a href=\"https:\/\/stuebi-hamburg.de\/wp-content\/uploads\/2015\/02\/neuengamme05.jpg\" rel=\"lightbox[4231]\"><img loading=\"lazy\" class=\"size-full wp-image-78\" src=\"https:\/\/stuebi-hamburg.de\/wp-content\/uploads\/2015\/02\/neuengamme05.jpg\" alt=\"Blick \u00fcber den ehemaligen Appellplatz\" width=\"0\" height=\"0\" \/><\/a>\n<p>&nbsp;<\/p>\n<a href=\"https:\/\/stuebi-hamburg.de\/wp-content\/uploads\/2015\/02\/neuengamme06.jpg\" rel=\"lightbox[4231]\"><img loading=\"lazy\" class=\"size-full wp-image-79\" src=\"https:\/\/stuebi-hamburg.de\/wp-content\/uploads\/2015\/02\/neuengamme06.jpg\" alt=\"Gedenkstein an der Stelle des ehemaligen Krematoriums\" width=\"0\" height=\"0\" \/><\/a>\n<p><a href=\"https:\/\/stuebi-hamburg.de\/wp-content\/uploads\/2015\/02\/neuengamme07.jpg\" rel=\"lightbox[4231]\"><img loading=\"lazy\" class=\"size-full wp-image-80\" src=\"https:\/\/stuebi-hamburg.de\/wp-content\/uploads\/2015\/02\/neuengamme07.jpg\" alt=\" \" width=\"0\" height=\"0\" \/><\/a><\/p>\n<a href=\"https:\/\/stuebi-hamburg.de\/wp-content\/uploads\/2015\/02\/neuengamme08.jpg\" rel=\"lightbox[4231]\"><img loading=\"lazy\" class=\"size-full wp-image-81\" src=\"https:\/\/stuebi-hamburg.de\/wp-content\/uploads\/2015\/02\/neuengamme08.jpg\" alt=\"Links (\u00fcberdacht) das Fundament des ehemaligen Lagergef\u00e4ngnisses\" width=\"0\" height=\"0\" \/><\/a>\n<p>&nbsp;<\/p>\n<a href=\"https:\/\/stuebi-hamburg.de\/wp-content\/uploads\/2015\/02\/neuengamme09.jpg\" rel=\"lightbox[4231]\"><img loading=\"lazy\" class=\"size-full wp-image-82\" src=\"https:\/\/stuebi-hamburg.de\/wp-content\/uploads\/2015\/02\/neuengamme09.jpg\" alt=\"Vor dem Fundament des Lagergef\u00e4ngnisses\" width=\"0\" height=\"0\" \/><\/a>\n<p>&nbsp;<\/p>\n<a href=\"https:\/\/stuebi-hamburg.de\/wp-content\/uploads\/2015\/02\/neuengamme10.jpg\" rel=\"lightbox[4231]\"><img loading=\"lazy\" class=\"size-full wp-image-83\" src=\"https:\/\/stuebi-hamburg.de\/wp-content\/uploads\/2015\/02\/neuengamme10.jpg\" alt=\"Steinhaufen markieren heute die Standorte der Holzbaracken\" width=\"0\" height=\"0\" \/><\/a>\n<p>&nbsp;<\/p>\n<a href=\"https:\/\/stuebi-hamburg.de\/wp-content\/uploads\/2015\/02\/neuengamme11.jpg\" rel=\"lightbox[4231]\"><img loading=\"lazy\" class=\"size-full wp-image-84\" src=\"https:\/\/stuebi-hamburg.de\/wp-content\/uploads\/2015\/02\/neuengamme11.jpg\" alt=\"Barackenw\u00e4nde, die in der Ausstellung zu sehen sind\" width=\"0\" height=\"0\" \/><\/a>\n<p>&nbsp;<\/p>\n<a href=\"https:\/\/stuebi-hamburg.de\/wp-content\/uploads\/2015\/02\/neuengamme12.jpg\" rel=\"lightbox[4231]\"><img loading=\"lazy\" class=\"size-full wp-image-85\" src=\"https:\/\/stuebi-hamburg.de\/wp-content\/uploads\/2015\/02\/neuengamme12.jpg\" alt=\"Die Ausstellung bietet viele Ton- und Videodokumente\" width=\"0\" height=\"0\" \/><\/a>\n<p>&nbsp;<\/p>\n<a href=\"https:\/\/stuebi-hamburg.de\/wp-content\/uploads\/2015\/02\/neuengamme13.jpg\" rel=\"lightbox[4231]\"><img loading=\"lazy\" class=\"size-full wp-image-86\" src=\"https:\/\/stuebi-hamburg.de\/wp-content\/uploads\/2015\/02\/neuengamme13.jpg\" alt=\"Keller des Konzentrationslagers...\" width=\"0\" height=\"0\" \/><\/a>\n<p>&nbsp;<\/p>\n<a href=\"https:\/\/stuebi-hamburg.de\/wp-content\/uploads\/2015\/02\/neuengamme14.jpg\" rel=\"lightbox[4231]\"><img loading=\"lazy\" class=\"size-full wp-image-87\" src=\"https:\/\/stuebi-hamburg.de\/wp-content\/uploads\/2015\/02\/neuengamme14.jpg\" alt=\"... auch hier mussten H\u00e4ftlinge arbeiten\" width=\"0\" height=\"0\" \/><\/a>\n<p>&nbsp;<\/p>\n<a href=\"https:\/\/stuebi-hamburg.de\/wp-content\/uploads\/2015\/02\/neuengamme15.jpg\" rel=\"lightbox[4231]\"><img loading=\"lazy\" class=\"size-full wp-image-88\" src=\"https:\/\/stuebi-hamburg.de\/wp-content\/uploads\/2015\/02\/neuengamme15.jpg\" alt=\"Auf dem Weg zum Garagenhof\" width=\"0\" height=\"0\" \/><\/a>\n<p><a href=\"https:\/\/stuebi-hamburg.de\/wp-content\/uploads\/2015\/02\/neuengamme16.jpg\" rel=\"lightbox[4231]\"><img loading=\"lazy\" class=\"size-full wp-image-89\" src=\"https:\/\/stuebi-hamburg.de\/wp-content\/uploads\/2015\/02\/neuengamme16.jpg\" alt=\" \" width=\"0\" height=\"0\" \/><\/a><\/p>\n<a href=\"https:\/\/stuebi-hamburg.de\/wp-content\/uploads\/2015\/02\/neuengamme17.jpg\" rel=\"lightbox[4231]\"><img loading=\"lazy\" class=\"size-full wp-image-90\" src=\"https:\/\/stuebi-hamburg.de\/wp-content\/uploads\/2015\/02\/neuengamme17.jpg\" alt=\"Der Schutzbunker der Lager-SS war als H\u00e4ftlingsbaracke getarnt\" width=\"0\" height=\"0\" \/><\/a>\n<p>&nbsp;<\/p>\n<a href=\"https:\/\/stuebi-hamburg.de\/wp-content\/uploads\/2015\/02\/neuengamme18.jpg\" rel=\"lightbox[4231]\"><img loading=\"lazy\" class=\"size-full wp-image-91\" src=\"https:\/\/stuebi-hamburg.de\/wp-content\/uploads\/2015\/02\/neuengamme18.jpg\" alt=\"Ausstellung \u00fcber die T\u00e4ter im Garagengeb\u00e4ude\" width=\"0\" height=\"0\" \/><\/a>\n<p>&nbsp;<\/p>\n<div id=\"attachment_92\" style=\"width: 310px\" class=\"wp-caption alignright\"><a href=\"https:\/\/stuebi-hamburg.de\/wp-content\/uploads\/2015\/02\/neuengamme19.jpg\" rel=\"lightbox[4231]\"><img aria-describedby=\"caption-attachment-92\" loading=\"lazy\" class=\"size-full wp-image-92\" src=\"https:\/\/stuebi-hamburg.de\/wp-content\/uploads\/2015\/02\/neuengamme19.jpg\" alt=\"\" width=\"300\" height=\"400\" \/><\/a><p id=\"caption-attachment-92\" class=\"wp-caption-text\">Schl\u00e4ge und Fu\u00dftritte des Wachpersonals waren an der Tagesordnung &#8211;<br \/>F\u00fcr weitere Fotos klicken Sie auf das Bild!<\/p><\/div>\n<p>Die Lebens- und Arbeitsbedingungen waren m\u00f6rderisch. Die Insassen wurden schikaniert und gequ\u00e4lt. Trotz der schweren Arbeit bekamen sie weder vern\u00fcnftige Kleidung noch ausreichend zu essen. Die meisten waren krank, wurden aber nicht ausreichend medizinisch versorgt. Auf diese Weise wurden Tausende von Menschen in Neuengamme umgebracht. Von den insgesamt etwa 100.000 H\u00e4ftlingen des Konzentrationslagers \u00fcberlebte kaum die H\u00e4lfte. Die Schilderungen Herrn Lehmanns gingen uns allen tief unter die Haut.<\/p>\n<p>Heute kennzeichnen Steinhaufen die Standorte der Holzbaracken, in denen die H\u00e4ftlinge damals untergebracht waren. Das Klinkerwerk und die Werkshallen der R\u00fcstungsfirma Walther sind hingegen erhalten geblieben und werden als Ausstellungsr\u00e4ume genutzt. Ein Wachturm, die Garagen der SS sowie der Bunker der Lager-SS sind ebenfalls zu besichtigen.<\/p>\n<p>Nach beinahe vier Stunden waren viele von uns froh, die bedr\u00fcckende Atmosph\u00e4re des Lagers verlassen zu k\u00f6nnen. Trotzdem danken wir Herrn Lehmann und seiner Kollegin ganz herzlich, dass sie uns einen Einblick in die schreckliche Geschichte dieses Ortes gegeben haben.<\/p>\n<p>&nbsp;<\/p>\n","protected":false},"excerpt":{"rendered":"<p>Es war ein tr\u00fcber, kalter Morgen als wir vor dem Tor des ehemaligen Konzentrationslagers Neuengamme ankamen. Passend zu unserem Unterrichtsthema \u201eDie Zeit des Nationalsozialismus\u201c hatte Herr Bredendiek f\u00fcr die Klassen 9b und 9d den Besuch der Gedenkst\u00e4tte organisiert. (von Tugce &hellip; <a href=\"https:\/\/stuebi-hamburg.de\/stadtteilschule\/2015\/02\/27\/besuch-der-kz-gedenkstaette-neuengamme\/\">Weiterlesen <span class=\"meta-nav\">&rarr;<\/span><\/a><\/p>\n","protected":false},"author":10,"featured_media":5941,"comment_status":"closed","ping_status":"closed","sticky":false,"template":"","format":"standard","meta":[],"categories":[1,45],"tags":[],"_links":{"self":[{"href":"https:\/\/stuebi-hamburg.de\/stadtteilschule\/wp-json\/wp\/v2\/posts\/4231"}],"collection":[{"href":"https:\/\/stuebi-hamburg.de\/stadtteilschule\/wp-json\/wp\/v2\/posts"}],"about":[{"href":"https:\/\/stuebi-hamburg.de\/stadtteilschule\/wp-json\/wp\/v2\/types\/post"}],"author":[{"embeddable":true,"href":"https:\/\/stuebi-hamburg.de\/stadtteilschule\/wp-json\/wp\/v2\/users\/10"}],"replies":[{"embeddable":true,"href":"https:\/\/stuebi-hamburg.de\/stadtteilschule\/wp-json\/wp\/v2\/comments?post=4231"}],"version-history":[{"count":14,"href":"https:\/\/stuebi-hamburg.de\/stadtteilschule\/wp-json\/wp\/v2\/posts\/4231\/revisions"}],"predecessor-version":[{"id":5320,"href":"https:\/\/stuebi-hamburg.de\/stadtteilschule\/wp-json\/wp\/v2\/posts\/4231\/revisions\/5320"}],"wp:featuredmedia":[{"embeddable":true,"href":"https:\/\/stuebi-hamburg.de\/stadtteilschule\/wp-json\/wp\/v2\/media\/5941"}],"wp:attachment":[{"href":"https:\/\/stuebi-hamburg.de\/stadtteilschule\/wp-json\/wp\/v2\/media?parent=4231"}],"wp:term":[{"taxonomy":"category","embeddable":true,"href":"https:\/\/stuebi-hamburg.de\/stadtteilschule\/wp-json\/wp\/v2\/categories?post=4231"},{"taxonomy":"post_tag","embeddable":true,"href":"https:\/\/stuebi-hamburg.de\/stadtteilschule\/wp-json\/wp\/v2\/tags?post=4231"}],"curies":[{"name":"wp","href":"https:\/\/api.w.org\/{rel}","templated":true}]}}