{"id":7866,"date":"2019-08-18T18:11:12","date_gmt":"2019-08-18T16:11:12","guid":{"rendered":"https:\/\/stuebi-hamburg.de\/stadtteilschule\/?p=7866"},"modified":"2019-08-18T18:11:12","modified_gmt":"2019-08-18T16:11:12","slug":"herzlich-willkommen-am-stuebi","status":"publish","type":"post","link":"https:\/\/stuebi-hamburg.de\/stadtteilschule\/2019\/08\/18\/herzlich-willkommen-am-stuebi\/","title":{"rendered":"Herzlich willkommen am St\u00fcbi!"},"content":{"rendered":"<p style=\"text-align: justify\">Mit dem Ende der Sommerferien und der Zeit in der Grundschule begann am Montag, den 12. August, ein neuer Lebensabschnitt f\u00fcr viele F\u00fcnftkl\u00e4ssler in Kirchdorf-S\u00fcd. Erwartungsvoll und aufgeregt fieberten unsere Neuen gemeinsam mit ihren Eltern der offiziellen Einschulung am St\u00fcbi entgegen.<\/p>\n<p style=\"text-align: justify\"><img loading=\"lazy\" class=\"size-full wp-image-7870 aligncenter\" src=\"https:\/\/stuebi-hamburg.de\/stadtteilschule\/files\/2019\/08\/f\u00fcnf-los-a.jpg\" alt=\"\" width=\"298\" height=\"245\" \/><\/p>\n<p style=\"text-align: justify\">Gemeinsam mit den P\u00e4dagogen des neuen Jahrganges starteten die Sch\u00fclerinnen und Sch\u00fcler in die sogenannte <strong>Starterwoche<\/strong>. Dabei lernten sie die Schule kennen und wurden behutsam von der ganzen Schulgemeinschaft bei den ersten Schritten an der weiterf\u00fchrenden Schule unterst\u00fctzt. Wir begr\u00fc\u00dfen sie alle ganz herzlich <img src=\"https:\/\/stuebi-hamburg.de\/stadtteilschule\/wp-content\/images\/smilies\/icon_smile.png\" alt=\":-)\" class=\"wp-smiley\" style=\"height: 1em; max-height: 1em;\" \/> und freuen uns auf eine gemeinsame gute Zeit bis zum erfolgreichen Schulabschluss. <img src=\"https:\/\/stuebi-hamburg.de\/stadtteilschule\/wp-content\/images\/smilies\/icon_wink.png\" alt=\";-)\" class=\"wp-smiley\" style=\"height: 1em; max-height: 1em;\" \/><\/p>\n<p><img loading=\"lazy\" class=\" wp-image-7871 aligncenter\" src=\"https:\/\/stuebi-hamburg.de\/stadtteilschule\/files\/2019\/08\/f\u00fcnf-los-b.jpg\" alt=\"\" width=\"295\" height=\"173\" \/><\/p>\n","protected":false},"excerpt":{"rendered":"<p>Mit dem Ende der Sommerferien und der Zeit in der Grundschule begann am Montag, den 12. August, ein neuer Lebensabschnitt f\u00fcr viele F\u00fcnftkl\u00e4ssler in Kirchdorf-S\u00fcd. Erwartungsvoll und aufgeregt fieberten unsere Neuen gemeinsam mit ihren Eltern der offiziellen Einschulung am St\u00fcbi &hellip; <a href=\"https:\/\/stuebi-hamburg.de\/stadtteilschule\/2019\/08\/18\/herzlich-willkommen-am-stuebi\/\">Weiterlesen <span class=\"meta-nav\">&rarr;<\/span><\/a><\/p>\n","protected":false},"author":3,"featured_media":7868,"comment_status":"closed","ping_status":"open","sticky":false,"template":"","format":"standard","meta":[],"categories":[1],"tags":[],"_links":{"self":[{"href":"https:\/\/stuebi-hamburg.de\/stadtteilschule\/wp-json\/wp\/v2\/posts\/7866"}],"collection":[{"href":"https:\/\/stuebi-hamburg.de\/stadtteilschule\/wp-json\/wp\/v2\/posts"}],"about":[{"href":"https:\/\/stuebi-hamburg.de\/stadtteilschule\/wp-json\/wp\/v2\/types\/post"}],"author":[{"embeddable":true,"href":"https:\/\/stuebi-hamburg.de\/stadtteilschule\/wp-json\/wp\/v2\/users\/3"}],"replies":[{"embeddable":true,"href":"https:\/\/stuebi-hamburg.de\/stadtteilschule\/wp-json\/wp\/v2\/comments?post=7866"}],"version-history":[{"count":5,"href":"https:\/\/stuebi-hamburg.de\/stadtteilschule\/wp-json\/wp\/v2\/posts\/7866\/revisions"}],"predecessor-version":[{"id":7874,"href":"https:\/\/stuebi-hamburg.de\/stadtteilschule\/wp-json\/wp\/v2\/posts\/7866\/revisions\/7874"}],"wp:featuredmedia":[{"embeddable":true,"href":"https:\/\/stuebi-hamburg.de\/stadtteilschule\/wp-json\/wp\/v2\/media\/7868"}],"wp:attachment":[{"href":"https:\/\/stuebi-hamburg.de\/stadtteilschule\/wp-json\/wp\/v2\/media?parent=7866"}],"wp:term":[{"taxonomy":"category","embeddable":true,"href":"https:\/\/stuebi-hamburg.de\/stadtteilschule\/wp-json\/wp\/v2\/categories?post=7866"},{"taxonomy":"post_tag","embeddable":true,"href":"https:\/\/stuebi-hamburg.de\/stadtteilschule\/wp-json\/wp\/v2\/tags?post=7866"}],"curies":[{"name":"wp","href":"https:\/\/api.w.org\/{rel}","templated":true}]}}