{"id":8211,"date":"2019-12-19T19:57:00","date_gmt":"2019-12-19T18:57:00","guid":{"rendered":"https:\/\/stuebi-hamburg.de\/stadtteilschule\/?p=8211"},"modified":"2020-01-12T19:58:32","modified_gmt":"2020-01-12T18:58:32","slug":"stuebi-holt-ruhm-und-ehr-vielleicht-bald-mehr","status":"publish","type":"post","link":"https:\/\/stuebi-hamburg.de\/stadtteilschule\/2019\/12\/19\/stuebi-holt-ruhm-und-ehr-vielleicht-bald-mehr\/","title":{"rendered":"St\u00fcbi holt Ruhm und Ehr\u2018 \u2013 vielleicht bald mehr\u2026"},"content":{"rendered":"\n<p>Unser erster B\u00fcrgermeister hatte gemeinsam mit Thomas Bressau (Referent f\u00fcr Sch\u00fclerwettbewerbe der Schulbeh\u00f6rde) zum Wettbewerbsfest 2019 ins Hamburger Rathaus geladen.<\/p>\n\n\n\n<p>Hier wurden alle Preistr\u00e4ger*innen von Sch\u00fclerwettbewerben\nauf Landes-und Bundesebene f\u00fcr Ihre Leistungen geehrt.<\/p>\n\n\n\n<p>Mit dabei war eine Gruppe des Medien-St\u00fcbi, die im Sommer gleich zwei Preise beim <a aria-label=\"Audio-Wettbewerb \u201eMiteinander h\u00f6ren\u201c (\u00f6ffnet in neuem Tab)\" rel=\"noreferrer noopener\" href=\"https:\/\/www.joachim-herz-stiftung.de\/was-wir-tun\/foerderung\/perlenfonds-projekte\/wettbewerb-miteinander-hoeren:-wie-klingt...\/\" target=\"_blank\">Audio-Wettbewerb \u201eMiteinander h\u00f6ren\u201c<\/a> gewonnen hat.<\/p>\n\n\n\n<p>Neben der beindruckenden Atmosph\u00e4re im Gro\u00dfen Festsaal waren\nwir gleichzeitig erstaunt und inspiriert von der gro\u00dfen Zahl von Wettbewerben.<\/p>\n\n\n\n<p>Nach einer langen Veranstaltung am Freitagnachmittag war das\nFazit:<\/p>\n\n\n\n<p>Wir nehmen die Wettbewerbe noch einmal unter die Lupe. Beim\nn\u00e4chsten Mal muss St\u00fcbi mindestens zweimal den Gang zum Podium gehen um dem\nersten B\u00fcrgermeister die Hand zu sch\u00fctteln.<\/p>\n\n\n\n<p>#stuebi #schuelerwettbewerbe #bsbhamburg #hamburg #audiyou\n#hinzundkunzt <\/p>\n","protected":false},"excerpt":{"rendered":"<p>Unser erster B\u00fcrgermeister hatte gemeinsam mit Thomas Bressau (Referent f\u00fcr Sch\u00fclerwettbewerbe der Schulbeh\u00f6rde) zum Wettbewerbsfest 2019 ins Hamburger Rathaus geladen. Hier wurden alle Preistr\u00e4ger*innen von Sch\u00fclerwettbewerben auf Landes-und Bundesebene f\u00fcr Ihre Leistungen geehrt. Mit dabei war eine Gruppe des Medien-St\u00fcbi, &hellip; <a href=\"https:\/\/stuebi-hamburg.de\/stadtteilschule\/2019\/12\/19\/stuebi-holt-ruhm-und-ehr-vielleicht-bald-mehr\/\">Weiterlesen <span class=\"meta-nav\">&rarr;<\/span><\/a><\/p>\n","protected":false},"author":3,"featured_media":8213,"comment_status":"closed","ping_status":"open","sticky":false,"template":"","format":"standard","meta":[],"categories":[1],"tags":[],"_links":{"self":[{"href":"https:\/\/stuebi-hamburg.de\/stadtteilschule\/wp-json\/wp\/v2\/posts\/8211"}],"collection":[{"href":"https:\/\/stuebi-hamburg.de\/stadtteilschule\/wp-json\/wp\/v2\/posts"}],"about":[{"href":"https:\/\/stuebi-hamburg.de\/stadtteilschule\/wp-json\/wp\/v2\/types\/post"}],"author":[{"embeddable":true,"href":"https:\/\/stuebi-hamburg.de\/stadtteilschule\/wp-json\/wp\/v2\/users\/3"}],"replies":[{"embeddable":true,"href":"https:\/\/stuebi-hamburg.de\/stadtteilschule\/wp-json\/wp\/v2\/comments?post=8211"}],"version-history":[{"count":2,"href":"https:\/\/stuebi-hamburg.de\/stadtteilschule\/wp-json\/wp\/v2\/posts\/8211\/revisions"}],"predecessor-version":[{"id":8214,"href":"https:\/\/stuebi-hamburg.de\/stadtteilschule\/wp-json\/wp\/v2\/posts\/8211\/revisions\/8214"}],"wp:featuredmedia":[{"embeddable":true,"href":"https:\/\/stuebi-hamburg.de\/stadtteilschule\/wp-json\/wp\/v2\/media\/8213"}],"wp:attachment":[{"href":"https:\/\/stuebi-hamburg.de\/stadtteilschule\/wp-json\/wp\/v2\/media?parent=8211"}],"wp:term":[{"taxonomy":"category","embeddable":true,"href":"https:\/\/stuebi-hamburg.de\/stadtteilschule\/wp-json\/wp\/v2\/categories?post=8211"},{"taxonomy":"post_tag","embeddable":true,"href":"https:\/\/stuebi-hamburg.de\/stadtteilschule\/wp-json\/wp\/v2\/tags?post=8211"}],"curies":[{"name":"wp","href":"https:\/\/api.w.org\/{rel}","templated":true}]}}